{"id":10970,"date":"2026-04-24T11:47:42","date_gmt":"2026-04-24T11:47:42","guid":{"rendered":"https:\/\/szkolabolecina.pl\/?p=10970"},"modified":"2026-04-24T11:48:15","modified_gmt":"2026-04-24T11:48:15","slug":"dni-edukacji-ekonomicznej","status":"publish","type":"post","link":"https:\/\/szkolabolecina.pl\/index.php\/2026\/04\/24\/dni-edukacji-ekonomicznej\/","title":{"rendered":"Dni Edukacji Ekonomicznej"},"content":{"rendered":"\t\t<div data-elementor-type=\"wp-post\" data-elementor-id=\"10970\" class=\"elementor elementor-10970\" data-elementor-post-type=\"post\">\n\t\t\t\t\t\t<section class=\"has_eae_slider elementor-section elementor-top-section elementor-element elementor-element-acb9e09 elementor-section-boxed elementor-section-height-default elementor-section-height-default\" data-eae-slider=\"90594\" data-id=\"acb9e09\" data-element_type=\"section\">\n\t\t\t\t\t\t<div class=\"elementor-container elementor-column-gap-default\">\n\t\t\t\t\t<div class=\"has_eae_slider elementor-column elementor-col-100 elementor-top-column elementor-element elementor-element-9c5daac\" data-eae-slider=\"704\" data-id=\"9c5daac\" data-element_type=\"column\">\n\t\t\t<div class=\"elementor-widget-wrap elementor-element-populated\">\n\t\t\t\t\t\t<div class=\"elementor-element elementor-element-75745e1 elementor-widget elementor-widget-text-editor\" data-id=\"75745e1\" data-element_type=\"widget\" data-widget_type=\"text-editor.default\">\n\t\t\t\t<div class=\"elementor-widget-container\">\n\t\t\t\t\t\t\t\t\t<p>w dniach\u00a0<strong>27\u201329 kwietnia 2026 r.<\/strong>\u00a0na terenie powiatu wadowickiego, w ramach obchod\u00f3w 125-lecia sp\u00f3\u0142dzielczo\u015bci uczniowskiej w Polsce, odb\u0119d\u0105 si\u0119\u00a0<strong>\u201eDni Edukacji Ekonomicznej\u201d<\/strong>, organizowane pod patronatem Starosty\u00a0Wadowickiego i Burmistrza Wadowic.<\/p><p>W ramach inicjatywy nasza\u00a0<strong>szko\u0142a bierze<\/strong>\u00a0udzia\u0142 w pilota\u017cowym projekcie edukacyjnym realizowanym z wykorzystaniem materia\u0142\u00f3w dydaktycznych przygotowanych na zlecenie Ministerstwa Finans\u00f3w w oparciu o ksi\u0105\u017ck\u0119 \u201eBankructwo ma\u0142ego D\u017ceka\u201d Janusza Korczaka (lektur\u0119 w klasach 4-8 szk\u00f3\u0142 podstawowych).<\/p><p>Celem projektu jest\u00a0 rozwijanie kompetencji uczni\u00f3w w zakresie edukacji finansowej oraz umiej\u0119tno\u015bci praktycznych przydatnych w codziennym \u017cyciu.\u00a0<\/p>\t\t\t\t\t\t\t\t<\/div>\n\t\t\t\t<\/div>\n\t\t\t\t\t<\/div>\n\t\t<\/div>\n\t\t\t\t\t<\/div>\n\t\t<\/section>\n\t\t\t\t<\/div>\n\t\t","protected":false},"excerpt":{"rendered":"<p>w dniach\u00a027\u201329 kwietnia 2026 r.\u00a0na terenie powiatu wadowickiego, w ramach obchod\u00f3w 125-lecia sp\u00f3\u0142dzielczo\u015bci uczniowskiej w Polsce, odb\u0119d\u0105 si\u0119\u00a0\u201eDni Edukacji Ekonomicznej\u201d, organizowane pod patronatem Starosty\u00a0Wadowickiego i Burmistrza Wadowic. W ramach inicjatywy nasza\u00a0szko\u0142a bierze\u00a0udzia\u0142 w pilota\u017cowym projekcie edukacyjnym realizowanym z wykorzystaniem materia\u0142\u00f3w dydaktycznych przygotowanych na zlecenie Ministerstwa Finans\u00f3w w oparciu o ksi\u0105\u017ck\u0119 \u201eBankructwo ma\u0142ego D\u017ceka\u201d Janusza Korczaka [&hellip;]<\/p>\n","protected":false},"author":9,"featured_media":10971,"comment_status":"open","ping_status":"open","sticky":false,"template":"","format":"standard","meta":{"_eb_attr":"","ocean_post_layout":"","ocean_both_sidebars_style":"","ocean_both_sidebars_content_width":0,"ocean_both_sidebars_sidebars_width":0,"ocean_sidebar":"","ocean_second_sidebar":"","ocean_disable_margins":"enable","ocean_add_body_class":"","ocean_shortcode_before_top_bar":"","ocean_shortcode_after_top_bar":"","ocean_shortcode_before_header":"","ocean_shortcode_after_header":"","ocean_has_shortcode":"","ocean_shortcode_after_title":"","ocean_shortcode_before_footer_widgets":"","ocean_shortcode_after_footer_widgets":"","ocean_shortcode_before_footer_bottom":"","ocean_shortcode_after_footer_bottom":"","ocean_display_top_bar":"default","ocean_display_header":"default","ocean_header_style":"","ocean_center_header_left_menu":"","ocean_custom_header_template":"","ocean_custom_logo":0,"ocean_custom_retina_logo":0,"ocean_custom_logo_max_width":0,"ocean_custom_logo_tablet_max_width":0,"ocean_custom_logo_mobile_max_width":0,"ocean_custom_logo_max_height":0,"ocean_custom_logo_tablet_max_height":0,"ocean_custom_logo_mobile_max_height":0,"ocean_header_custom_menu":"","ocean_menu_typo_font_family":"","ocean_menu_typo_font_subset":"","ocean_menu_typo_font_size":0,"ocean_menu_typo_font_size_tablet":0,"ocean_menu_typo_font_size_mobile":0,"ocean_menu_typo_font_size_unit":"px","ocean_menu_typo_font_weight":"","ocean_menu_typo_font_weight_tablet":"","ocean_menu_typo_font_weight_mobile":"","ocean_menu_typo_transform":"","ocean_menu_typo_transform_tablet":"","ocean_menu_typo_transform_mobile":"","ocean_menu_typo_line_height":0,"ocean_menu_typo_line_height_tablet":0,"ocean_menu_typo_line_height_mobile":0,"ocean_menu_typo_line_height_unit":"","ocean_menu_typo_spacing":0,"ocean_menu_typo_spacing_tablet":0,"ocean_menu_typo_spacing_mobile":0,"ocean_menu_typo_spacing_unit":"","ocean_menu_link_color":"","ocean_menu_link_color_hover":"","ocean_menu_link_color_active":"","ocean_menu_link_background":"","ocean_menu_link_hover_background":"","ocean_menu_link_active_background":"","ocean_menu_social_links_bg":"","ocean_menu_social_hover_links_bg":"","ocean_menu_social_links_color":"","ocean_menu_social_hover_links_color":"","ocean_disable_title":"default","ocean_disable_heading":"default","ocean_post_title":"","ocean_post_subheading":"","ocean_post_title_style":"","ocean_post_title_background_color":"","ocean_post_title_background":0,"ocean_post_title_bg_image_position":"","ocean_post_title_bg_image_attachment":"","ocean_post_title_bg_image_repeat":"","ocean_post_title_bg_image_size":"","ocean_post_title_height":0,"ocean_post_title_bg_overlay":0.5,"ocean_post_title_bg_overlay_color":"","ocean_disable_breadcrumbs":"default","ocean_breadcrumbs_color":"","ocean_breadcrumbs_separator_color":"","ocean_breadcrumbs_links_color":"","ocean_breadcrumbs_links_hover_color":"","ocean_display_footer_widgets":"default","ocean_display_footer_bottom":"default","ocean_custom_footer_template":"","ocean_post_oembed":"","ocean_post_self_hosted_media":"","ocean_post_video_embed":"","ocean_link_format":"","ocean_link_format_target":"self","ocean_quote_format":"","ocean_quote_format_link":"post","ocean_gallery_link_images":"on","ocean_gallery_id":[],"footnotes":""},"categories":[1],"tags":[],"class_list":["post-10970","post","type-post","status-publish","format-standard","has-post-thumbnail","hentry","category-uncategorized","entry","has-media"],"_links":{"self":[{"href":"https:\/\/szkolabolecina.pl\/index.php\/wp-json\/wp\/v2\/posts\/10970","targetHints":{"allow":["GET"]}}],"collection":[{"href":"https:\/\/szkolabolecina.pl\/index.php\/wp-json\/wp\/v2\/posts"}],"about":[{"href":"https:\/\/szkolabolecina.pl\/index.php\/wp-json\/wp\/v2\/types\/post"}],"author":[{"embeddable":true,"href":"https:\/\/szkolabolecina.pl\/index.php\/wp-json\/wp\/v2\/users\/9"}],"replies":[{"embeddable":true,"href":"https:\/\/szkolabolecina.pl\/index.php\/wp-json\/wp\/v2\/comments?post=10970"}],"version-history":[{"count":4,"href":"https:\/\/szkolabolecina.pl\/index.php\/wp-json\/wp\/v2\/posts\/10970\/revisions"}],"predecessor-version":[{"id":10975,"href":"https:\/\/szkolabolecina.pl\/index.php\/wp-json\/wp\/v2\/posts\/10970\/revisions\/10975"}],"wp:featuredmedia":[{"embeddable":true,"href":"https:\/\/szkolabolecina.pl\/index.php\/wp-json\/wp\/v2\/media\/10971"}],"wp:attachment":[{"href":"https:\/\/szkolabolecina.pl\/index.php\/wp-json\/wp\/v2\/media?parent=10970"}],"wp:term":[{"taxonomy":"category","embeddable":true,"href":"https:\/\/szkolabolecina.pl\/index.php\/wp-json\/wp\/v2\/categories?post=10970"},{"taxonomy":"post_tag","embeddable":true,"href":"https:\/\/szkolabolecina.pl\/index.php\/wp-json\/wp\/v2\/tags?post=10970"}],"curies":[{"name":"wp","href":"https:\/\/api.w.org\/{rel}","templated":true}]}}